{"id":179,"date":"2010-06-22T10:17:34","date_gmt":"2010-06-22T09:17:34","guid":{"rendered":"http:\/\/www.critical-mass-freiburg.de\/?p=179"},"modified":"2011-12-28T02:09:52","modified_gmt":"2011-12-28T01:09:52","slug":"fudder-de-interview","status":"publish","type":"post","link":"https:\/\/www.critical-mass-freiburg.de\/?p=179","title":{"rendered":"fudder.de-Interview"},"content":{"rendered":"<p>Critical Mass: Demo auf dem Fahrrad<\/p>\n<p>Einmal im Monat finden sich auch in Freiburg Radfahrer zu einer Fahrraddemo zusammen, um auf ihre Belange aufmerksam zu machen. Critical Mass nennt sich diese weltweite Bewegung. Doch was kann in der vermeintlichen Fahrradstadt wie Freiburg \u00fcberhaupt noch verbessert werden? Anna-Lena hat bei Andreas Heger, 37, Freiburger Critical Mass-Mitglied der ersten Stunde, nachgefragt.<\/p>\n<p>Seit wann gibt es die Critical Mass-Demos in Freiburg?<\/p>\n<p>Andreas Hege: Im M\u00e4rz 2008 wurde die erste Critical Mass in Freiburg gestartet. Seither findet sie regelm\u00e4\u00dfig einmal im Monat statt. Dabei m\u00fcssen jedoch mindestens 16 Teilnehmer zusammen kommen. Denn nur dann ist es auch erlaubt, als Fahrradgruppe die \u00f6ffentliche Stra\u00dfe zu benutzen. Wobei das nat\u00fcrlich gerade in den Wintermonaten und im bekannten Sommerloch schwierig wird. Aber bisher haben wir es eigentlich immer, bis auf wenige Male, geschafft.<\/p>\n<p>Wie viel Teilnehmer waren es bei der letzten Demo?<\/p>\n<p>Im Mai waren es etwa f\u00fcnfzig Radfahrer und im April sogar achtzig. Die Hundertermarke haben wir leider noch nicht knacken k\u00f6nnen, aber mal schauen, was uns im Sommer erwartet. Leider ist die CM nat\u00fcrlich sehr wetterabh\u00e4ngig und daher ist es immer schwer, irgendwelche Prognosen zu erstellen.<\/p>\n<p>Gibt es eine feste Route?<\/p>\n<p>Nein, die gibt es nicht. Diejenigen, die vorweg fahren entscheiden spontan, nach Lust und Laune, wo es langgeht. Dabei werden wir meist von zwei Polizeimotorr\u00e4dern begleitet, die f\u00fcr uns die Kreuzungen absperren und uns damit quasi besch\u00fctzen. Allerdings w\u00fcrde es mich pers\u00f6nlich freuen, wenn sie uns, wie bereits im vergangenen Jahr, auch auf Fahrr\u00e4dern begleiten. Motorr\u00e4der passen einfach nicht so gut in unser Konzept.<\/p>\n<p>Was m\u00f6chten die Teilnehmer der Critical Mass erreichen?<\/p>\n<p>Jeder hat seine eigene Motivation bei der CM mitzufahren. Schlie\u00dflich steht kein leitender Verein dahinter. Es gibt daher auch individuelle Forderungen. Mir pers\u00f6nlich liegt besonders am Herzen, dass die Autofahrer im Stra\u00dfenverkehr dezimiert werden. Es sollte bessere Angebote f\u00fcr Fu\u00dfg\u00e4nger und Fahrradfahrer geben. Sicherlich ist Freiburg schon eine fahrradfreundliche Stadt, allerdings f\u00fchren die schnellsten Routen immer an zweispurigen Stra\u00dfen entlang. Und es macht einfach keinen Spa\u00df st\u00e4ndig von Abgasen umgeben zu sein. Meiner Meinung nach m\u00fcsste es daher viel mehr Tempo drei\u00dfig und einspurige Stra\u00dfen geben, so dass Autofahren unangenehmer wird und die Leute freiwillig auf umwelt- und l\u00e4rmfreundliche Alternativen umsteigen.<\/p>\n<p>Konnte die Critical Mass in Freiburg schon etwas durchsetzen?<\/p>\n<p>Soweit mir bekannt ist, nein. Die CM hat ja auch keinen direkten Sprecher und ist keine feste Organisation. Diese Arbeit m\u00fcssen Verb\u00e4nde machen. Die CM ist daher eine direkte Aktion, die Autofahrer zum Nachdenken anregen will. Wenn wir es also schaffen, immer mehr Teilnehmer zu werden, dann verleihen wir dieser Sache Nachdruck und k\u00f6nnen damit eventuell auch etwas in der Politik erreichen.<\/p>\n<p>Was: Critical Mass Fahrrad-Demo<\/p>\n<p>Wann: Freitag, 25. Juni 2010, 18 Uhr<\/p>\n<p>Wo: Theatervorplatz<\/p>\n","protected":false},"excerpt":{"rendered":"<p>Critical Mass: Demo auf dem Fahrrad Einmal im Monat finden sich auch in Freiburg Radfahrer zu einer Fahrraddemo zusammen, um auf ihre Belange aufmerksam zu machen. Critical Mass nennt sich diese weltweite Bewegung. Doch was kann in der vermeintlichen Fahrradstadt&hellip;<\/p>\n<p class=\"more-link-p\"><a class=\"more-link\" href=\"https:\/\/www.critical-mass-freiburg.de\/?p=179\">Read more &rarr;<\/a><\/p>\n","protected":false},"author":1,"featured_media":0,"comment_status":"closed","ping_status":"closed","sticky":false,"template":"","format":"standard","meta":{"ngg_post_thumbnail":0},"categories":[10],"tags":[],"_links":{"self":[{"href":"https:\/\/www.critical-mass-freiburg.de\/index.php?rest_route=\/wp\/v2\/posts\/179"}],"collection":[{"href":"https:\/\/www.critical-mass-freiburg.de\/index.php?rest_route=\/wp\/v2\/posts"}],"about":[{"href":"https:\/\/www.critical-mass-freiburg.de\/index.php?rest_route=\/wp\/v2\/types\/post"}],"author":[{"embeddable":true,"href":"https:\/\/www.critical-mass-freiburg.de\/index.php?rest_route=\/wp\/v2\/users\/1"}],"replies":[{"embeddable":true,"href":"https:\/\/www.critical-mass-freiburg.de\/index.php?rest_route=%2Fwp%2Fv2%2Fcomments&post=179"}],"version-history":[{"count":8,"href":"https:\/\/www.critical-mass-freiburg.de\/index.php?rest_route=\/wp\/v2\/posts\/179\/revisions"}],"predecessor-version":[{"id":194,"href":"https:\/\/www.critical-mass-freiburg.de\/index.php?rest_route=\/wp\/v2\/posts\/179\/revisions\/194"}],"wp:attachment":[{"href":"https:\/\/www.critical-mass-freiburg.de\/index.php?rest_route=%2Fwp%2Fv2%2Fmedia&parent=179"}],"wp:term":[{"taxonomy":"category","embeddable":true,"href":"https:\/\/www.critical-mass-freiburg.de\/index.php?rest_route=%2Fwp%2Fv2%2Fcategories&post=179"},{"taxonomy":"post_tag","embeddable":true,"href":"https:\/\/www.critical-mass-freiburg.de\/index.php?rest_route=%2Fwp%2Fv2%2Ftags&post=179"}],"curies":[{"name":"wp","href":"https:\/\/api.w.org\/{rel}","templated":true}]}}